{"id":399,"date":"2016-06-20T15:14:26","date_gmt":"2016-06-20T13:14:26","guid":{"rendered":"https:\/\/geridoor.sk\/?p=399"},"modified":"2016-06-29T08:45:09","modified_gmt":"2016-06-29T06:45:10","slug":"tervezett-szabadsag","status":"publish","type":"post","link":"https:\/\/geridoor.sk\/hu\/tervezett-szabadsag\/","title":{"rendered":"Inform\u00e1ci\u00f3k a tervezett szabads\u00e1gr\u00f3l"},"content":{"rendered":"<h3 style=\"text-align: center;\">Kedves \u00dcgyfeleink!<\/h3>\n<p><strong>T\u00e1j\u00e9koztatjuk \u00d6n\u00f6ket, hogy 2016. augusztus 1-t\u00f3l augusztus 7-ig c\u00e9ges szabads\u00e1g <\/strong>lesz az GeriDoor s.r.o. c\u00e9gben. Ez\u00e9rt k\u00e9rj\u00fck jegyezz\u00e9k fel a k\u00f6vetkez\u0151 id\u0151pontokat:<\/p>\n<p>Utols\u00f3 sz\u00e1ll\u00edt\u00e1s a sz\u00fcnet el\u0151tt: <strong>2016. j\u00falius 29.<\/strong><\/p>\n<p>A szabv\u00e1nyos m\u0171anyagterm\u00e9keket, melyeket a szabads\u00e1g el\u0151tt szeretne lesz\u00e1ll\u00edttatni, rendelje meg <strong>2016. j\u00falius 15-ig<\/strong><\/p>\n<p>Az atipikus, k\u00fcl\u00f6nleges m\u0171anyagterm\u00e9keket, melyeket a szabads\u00e1g el\u0151tt szeretne lesz\u00e1ll\u00edttatni, rendelje meg <strong>2016. j\u00falius 6-ig<\/strong><\/p>\n<p>Azon megrendel\u00e9seket, melyek a fenti id\u0151pontok ut\u00e1n \u00e9rkeznek be hozz\u00e1nk, csak a sz\u00fcnet ut\u00e1n dolgozzuk fel, \u00e9s sz\u00e1ll\u00edtjuk ki.<\/p>\n<p>Az els\u0151 munkanap: <strong>2016. augusztus 8.<\/strong><\/p>\n<p>Meg\u00e9rt\u00e9s\u00fcket ez\u00faton is k\u00f6sz\u00f6nj\u00fck. Rem\u00e9lj\u00fck, hogy ezen inform\u00e1ci\u00f3k seg\u00edtik munk\u00e1jukat a ny\u00e1ri megrendel\u00e9sek eltervez\u00e9s\u00e9ben.<\/p>\n","protected":false},"excerpt":{"rendered":"<p>Kedves \u00dcgyfeleink! T\u00e1j\u00e9koztatjuk \u00d6n\u00f6ket, hogy 2016. augusztus 1-t\u00f3l augusztus 7-ig c\u00e9ges szabads\u00e1g lesz az GeriDoor s.r.o. c\u00e9gben. Ez\u00e9rt k\u00e9rj\u00fck jegyezz\u00e9k fel a k\u00f6vetkez\u0151 id\u0151pontokat: Utols\u00f3 sz\u00e1ll\u00edt\u00e1s a sz\u00fcnet el\u0151tt: 2016. j\u00falius 29. A szabv\u00e1nyos m\u0171anyagterm\u00e9keket, melyeket a szabads\u00e1g el\u0151tt szeretne lesz\u00e1ll\u00edttatni, rendelje meg 2016. j\u00falius 15-ig Az atipikus, k\u00fcl\u00f6nleges m\u0171anyagterm\u00e9keket, melyeket a szabads\u00e1g el\u0151tt szeretne [&hellip;]<\/p>\n","protected":false},"author":1,"featured_media":0,"comment_status":"open","ping_status":"open","sticky":false,"template":"","format":"standard","meta":{"footnotes":""},"categories":[14],"tags":[],"class_list":["post-399","post","type-post","status-publish","format-standard","hentry","category-bejegyzes"],"yoast_head":"<!-- This site is optimized with the Yoast SEO Premium plugin v18.8 (Yoast SEO v19.2) - https:\/\/yoast.com\/wordpress\/plugins\/seo\/ -->\n<title>Inform\u00e1ci\u00f3k a tervezett szabads\u00e1gr\u00f3l - Geri Door s.r.o.<\/title>\n<meta name=\"description\" content=\"T\u00e1j\u00e9koztatjuk \u00d6n\u00f6ket, hogy 2016. augusztus 1-t\u00f3l augusztus 7-ig c\u00e9ges szabads\u00e1g lesz az GeriDoor s.r.o. c\u00e9gben. K\u00e9rj\u00fck jegyezz\u00e9k fel!\" \/>\n<meta name=\"robots\" content=\"index, follow, max-snippet:-1, max-image-preview:large, max-video-preview:-1\" \/>\n<link rel=\"canonical\" href=\"https:\/\/geridoor.sk\/hu\/tervezett-szabadsag\/\" \/>\n<meta property=\"og:locale\" content=\"hu_HU\" \/>\n<meta property=\"og:type\" content=\"article\" \/>\n<meta property=\"og:title\" content=\"Inform\u00e1ci\u00f3k a tervezett szabads\u00e1gr\u00f3l\" \/>\n<meta property=\"og:description\" content=\"T\u00e1j\u00e9koztatjuk \u00d6n\u00f6ket, hogy 2016. augusztus 1-t\u00f3l augusztus 7-ig c\u00e9ges szabads\u00e1g lesz az GeriDoor s.r.o. c\u00e9gben. K\u00e9rj\u00fck jegyezz\u00e9k fel!\" \/>\n<meta property=\"og:url\" content=\"https:\/\/geridoor.sk\/hu\/tervezett-szabadsag\/\" \/>\n<meta property=\"og:site_name\" content=\"Geri Door s.r.o.\" \/>\n<meta property=\"article:published_time\" content=\"2016-06-20T13:14:26+00:00\" \/>\n<meta property=\"article:modified_time\" content=\"2016-06-29T06:45:10+00:00\" \/>\n<meta name=\"author\" content=\"root\" \/>\n<meta name=\"twitter:card\" content=\"summary\" \/>\n<meta name=\"twitter:label1\" content=\"Szerz\u0151:\" \/>\n\t<meta name=\"twitter:data1\" content=\"root\" \/>\n\t<meta name=\"twitter:label2\" content=\"Becs\u00fclt olvas\u00e1si id\u0151\" \/>\n\t<meta name=\"twitter:data2\" content=\"1 perc\" \/>\n<script type=\"application\/ld+json\" class=\"yoast-schema-graph\">{\"@context\":\"https:\/\/schema.org\",\"@graph\":[{\"@type\":\"WebSite\",\"@id\":\"https:\/\/geridoor.sk\/#website\",\"url\":\"https:\/\/geridoor.sk\/\",\"name\":\"Geri Door s.r.o.\",\"description\":\"PVC | HPL | ALU dvere a okn\u00e1\",\"potentialAction\":[{\"@type\":\"SearchAction\",\"target\":{\"@type\":\"EntryPoint\",\"urlTemplate\":\"https:\/\/geridoor.sk\/?s={search_term_string}\"},\"query-input\":\"required name=search_term_string\"}],\"inLanguage\":\"hu\"},{\"@type\":\"WebPage\",\"@id\":\"https:\/\/geridoor.sk\/hu\/tervezett-szabadsag\/#webpage\",\"url\":\"https:\/\/geridoor.sk\/hu\/tervezett-szabadsag\/\",\"name\":\"Inform\u00e1ci\u00f3k a tervezett szabads\u00e1gr\u00f3l - Geri Door s.r.o.\",\"isPartOf\":{\"@id\":\"https:\/\/geridoor.sk\/#website\"},\"datePublished\":\"2016-06-20T13:14:26+00:00\",\"dateModified\":\"2016-06-29T06:45:10+00:00\",\"author\":{\"@id\":\"https:\/\/geridoor.sk\/#\/schema\/person\/482ae8e9b2396c5d39ffdb1acbf8d7d2\"},\"description\":\"T\u00e1j\u00e9koztatjuk \u00d6n\u00f6ket, hogy 2016. augusztus 1-t\u00f3l augusztus 7-ig c\u00e9ges szabads\u00e1g lesz az GeriDoor s.r.o. c\u00e9gben. K\u00e9rj\u00fck jegyezz\u00e9k fel!\",\"breadcrumb\":{\"@id\":\"https:\/\/geridoor.sk\/hu\/tervezett-szabadsag\/#breadcrumb\"},\"inLanguage\":\"hu\",\"potentialAction\":[{\"@type\":\"ReadAction\",\"target\":[\"https:\/\/geridoor.sk\/hu\/tervezett-szabadsag\/\"]}]},{\"@type\":\"BreadcrumbList\",\"@id\":\"https:\/\/geridoor.sk\/hu\/tervezett-szabadsag\/#breadcrumb\",\"itemListElement\":[{\"@type\":\"ListItem\",\"position\":1,\"name\":\"Home\",\"item\":\"https:\/\/geridoor.sk\/hu\/\"},{\"@type\":\"ListItem\",\"position\":2,\"name\":\"Inform\u00e1ci\u00f3k a tervezett szabads\u00e1gr\u00f3l\"}]},{\"@type\":\"Person\",\"@id\":\"https:\/\/geridoor.sk\/#\/schema\/person\/482ae8e9b2396c5d39ffdb1acbf8d7d2\",\"name\":\"root\",\"image\":{\"@type\":\"ImageObject\",\"inLanguage\":\"hu\",\"@id\":\"https:\/\/geridoor.sk\/#\/schema\/person\/image\/\",\"url\":\"https:\/\/secure.gravatar.com\/avatar\/b0373ac651167221021676587ecda725?s=96&d=mm&r=g\",\"contentUrl\":\"https:\/\/secure.gravatar.com\/avatar\/b0373ac651167221021676587ecda725?s=96&d=mm&r=g\",\"caption\":\"root\"},\"url\":\"https:\/\/geridoor.sk\/hu\/author\/god_of_geridoor\/\"}]}<\/script>\n<!-- \/ Yoast SEO Premium plugin. -->","yoast_head_json":{"title":"Inform\u00e1ci\u00f3k a tervezett szabads\u00e1gr\u00f3l - Geri Door s.r.o.","description":"T\u00e1j\u00e9koztatjuk \u00d6n\u00f6ket, hogy 2016. augusztus 1-t\u00f3l augusztus 7-ig c\u00e9ges szabads\u00e1g lesz az GeriDoor s.r.o. c\u00e9gben. K\u00e9rj\u00fck jegyezz\u00e9k fel!","robots":{"index":"index","follow":"follow","max-snippet":"max-snippet:-1","max-image-preview":"max-image-preview:large","max-video-preview":"max-video-preview:-1"},"canonical":"https:\/\/geridoor.sk\/hu\/tervezett-szabadsag\/","og_locale":"hu_HU","og_type":"article","og_title":"Inform\u00e1ci\u00f3k a tervezett szabads\u00e1gr\u00f3l","og_description":"T\u00e1j\u00e9koztatjuk \u00d6n\u00f6ket, hogy 2016. augusztus 1-t\u00f3l augusztus 7-ig c\u00e9ges szabads\u00e1g lesz az GeriDoor s.r.o. c\u00e9gben. K\u00e9rj\u00fck jegyezz\u00e9k fel!","og_url":"https:\/\/geridoor.sk\/hu\/tervezett-szabadsag\/","og_site_name":"Geri Door s.r.o.","article_published_time":"2016-06-20T13:14:26+00:00","article_modified_time":"2016-06-29T06:45:10+00:00","author":"root","twitter_card":"summary","twitter_misc":{"Szerz\u0151:":"root","Becs\u00fclt olvas\u00e1si id\u0151":"1 perc"},"schema":{"@context":"https:\/\/schema.org","@graph":[{"@type":"WebSite","@id":"https:\/\/geridoor.sk\/#website","url":"https:\/\/geridoor.sk\/","name":"Geri Door s.r.o.","description":"PVC | HPL | ALU dvere a okn\u00e1","potentialAction":[{"@type":"SearchAction","target":{"@type":"EntryPoint","urlTemplate":"https:\/\/geridoor.sk\/?s={search_term_string}"},"query-input":"required name=search_term_string"}],"inLanguage":"hu"},{"@type":"WebPage","@id":"https:\/\/geridoor.sk\/hu\/tervezett-szabadsag\/#webpage","url":"https:\/\/geridoor.sk\/hu\/tervezett-szabadsag\/","name":"Inform\u00e1ci\u00f3k a tervezett szabads\u00e1gr\u00f3l - Geri Door s.r.o.","isPartOf":{"@id":"https:\/\/geridoor.sk\/#website"},"datePublished":"2016-06-20T13:14:26+00:00","dateModified":"2016-06-29T06:45:10+00:00","author":{"@id":"https:\/\/geridoor.sk\/#\/schema\/person\/482ae8e9b2396c5d39ffdb1acbf8d7d2"},"description":"T\u00e1j\u00e9koztatjuk \u00d6n\u00f6ket, hogy 2016. augusztus 1-t\u00f3l augusztus 7-ig c\u00e9ges szabads\u00e1g lesz az GeriDoor s.r.o. c\u00e9gben. K\u00e9rj\u00fck jegyezz\u00e9k fel!","breadcrumb":{"@id":"https:\/\/geridoor.sk\/hu\/tervezett-szabadsag\/#breadcrumb"},"inLanguage":"hu","potentialAction":[{"@type":"ReadAction","target":["https:\/\/geridoor.sk\/hu\/tervezett-szabadsag\/"]}]},{"@type":"BreadcrumbList","@id":"https:\/\/geridoor.sk\/hu\/tervezett-szabadsag\/#breadcrumb","itemListElement":[{"@type":"ListItem","position":1,"name":"Home","item":"https:\/\/geridoor.sk\/hu\/"},{"@type":"ListItem","position":2,"name":"Inform\u00e1ci\u00f3k a tervezett szabads\u00e1gr\u00f3l"}]},{"@type":"Person","@id":"https:\/\/geridoor.sk\/#\/schema\/person\/482ae8e9b2396c5d39ffdb1acbf8d7d2","name":"root","image":{"@type":"ImageObject","inLanguage":"hu","@id":"https:\/\/geridoor.sk\/#\/schema\/person\/image\/","url":"https:\/\/secure.gravatar.com\/avatar\/b0373ac651167221021676587ecda725?s=96&d=mm&r=g","contentUrl":"https:\/\/secure.gravatar.com\/avatar\/b0373ac651167221021676587ecda725?s=96&d=mm&r=g","caption":"root"},"url":"https:\/\/geridoor.sk\/hu\/author\/god_of_geridoor\/"}]}},"_links":{"self":[{"href":"https:\/\/geridoor.sk\/hu\/wp-json\/wp\/v2\/posts\/399"}],"collection":[{"href":"https:\/\/geridoor.sk\/hu\/wp-json\/wp\/v2\/posts"}],"about":[{"href":"https:\/\/geridoor.sk\/hu\/wp-json\/wp\/v2\/types\/post"}],"author":[{"embeddable":true,"href":"https:\/\/geridoor.sk\/hu\/wp-json\/wp\/v2\/users\/1"}],"replies":[{"embeddable":true,"href":"https:\/\/geridoor.sk\/hu\/wp-json\/wp\/v2\/comments?post=399"}],"version-history":[{"count":0,"href":"https:\/\/geridoor.sk\/hu\/wp-json\/wp\/v2\/posts\/399\/revisions"}],"wp:attachment":[{"href":"https:\/\/geridoor.sk\/hu\/wp-json\/wp\/v2\/media?parent=399"}],"wp:term":[{"taxonomy":"category","embeddable":true,"href":"https:\/\/geridoor.sk\/hu\/wp-json\/wp\/v2\/categories?post=399"},{"taxonomy":"post_tag","embeddable":true,"href":"https:\/\/geridoor.sk\/hu\/wp-json\/wp\/v2\/tags?post=399"}],"curies":[{"name":"wp","href":"https:\/\/api.w.org\/{rel}","templated":true}]}}